{"id":49358,"date":"2026-05-20T08:08:56","date_gmt":"2026-05-20T06:08:56","guid":{"rendered":"https:\/\/goldbach.com\/?p=49358"},"modified":"2026-05-20T08:14:54","modified_gmt":"2026-05-20T06:14:54","slug":"tf1-series-films-integre-le-portefeuille-tv-de-goldbach","status":"publish","type":"post","link":"https:\/\/goldbach.com\/fr\/communique-de-presse\/tf1-series-films-integre-le-portefeuille-tv-de-goldbach\/","title":{"rendered":"TF1 S\u00e9ries-Films int\u00e8gre le portefeuille TV de Goldbach"},"content":{"rendered":"<div class=\"fusion-fullwidth fullwidth-box fusion-builder-row-1 fusion-flex-container nonhundred-percent-fullwidth non-hundred-percent-height-scrolling\" style=\"--awb-border-radius-top-left:0px;--awb-border-radius-top-right:0px;--awb-border-radius-bottom-right:0px;--awb-border-radius-bottom-left:0px;--awb-flex-wrap:wrap;\" ><div class=\"fusion-builder-row fusion-row fusion-flex-align-items-flex-start fusion-flex-content-wrap\" style=\"max-width:1224px;margin-left: calc(-2% \/ 2 );margin-right: calc(-2% \/ 2 );\"><div class=\"fusion-layout-column fusion_builder_column fusion-builder-column-0 fusion_builder_column_1_1 1_1 fusion-flex-column\" style=\"--awb-bg-size:cover;--awb-width-large:100%;--awb-margin-top-large:0px;--awb-spacing-right-large:0.98%;--awb-margin-bottom-large:0px;--awb-spacing-left-large:0.98%;--awb-width-medium:100%;--awb-spacing-right-medium:0.98%;--awb-spacing-left-medium:0.98%;--awb-width-small:100%;--awb-spacing-right-small:0.98%;--awb-spacing-left-small:0.98%;\"><div class=\"fusion-column-wrapper fusion-flex-justify-content-flex-start fusion-content-layout-column\"><div class=\"fusion-text fusion-text-1\"><p><strong><b>\u00c0 partir du 4 ao\u00fbt 2026, Goldbach commercialisera la cha\u00eene TF1 S\u00e9ries-Films en Suisse. Les annonceurs b\u00e9n\u00e9ficient ainsi d\u2019une port\u00e9e suppl\u00e9mentaire au sein d&#8217;un environnement premium d\u00e9di\u00e9 aux s\u00e9ries et aux films. <\/b><\/strong><\/p>\n<p>Goldbach continue de renforcer son portefeuille TV en int\u00e9grant TF1 S\u00e9ries-Films \u00e0 son offre. La cha\u00eene du Groupe TF1 est sp\u00e9cialis\u00e9e dans les contenus de fiction et diffuse un m\u00e9lange qualitatif de productions internationales et de formats fran\u00e7ais \u00e0 succ\u00e8s.<\/p>\n<p>Gr\u00e2ce \u00e0 cette int\u00e9gration, Goldbach compl\u00e8te son catalogue existant. Cette nouveaut\u00e9 permet aux annonceurs d&#8217;atteindre leurs cibles dans un environnement attractif et premium.<\/p>\n<p>\u00ab TF1 S\u00e9ries-Films compl\u00e8te id\u00e9alement notre portefeuille. Je suis ravie que nous puissions offrir aux annonceurs un environnement reconnu pour son contenu de qualit\u00e9 et sa forte capacit\u00e9 \u00e0 capter l\u2019attention \u2013 tout particuli\u00e8rement pour des campagnes ciblant une audience f\u00e9minine de 25 \u00e0 49 ans \u00bb, d\u00e9clare Angelica Di Biase, Head of Branch Office Lausanne de Goldbach.<\/p>\n<p>Le Groupe TF1 souligne \u00e9galement l&#8217;importance strat\u00e9gique de cette collaboration : \u00ab TF1 S\u00e9ries-Films incarne le divertissement haut de gamme avec des s\u00e9ries et des films pl\u00e9biscit\u00e9s par le public. Ensemble, nous offrons aux annonceurs en Suisse une combinaison efficace entre audience fiable et engagement \u00e9motionnel fort \u00bb, pr\u00e9cise Emmanuel Maze-Sencier, International Sales Executive Director de TF1 Publicit\u00e9.<\/p>\n<p><strong>Informations de r\u00e9servation :<\/strong><\/p>\n<p>La cha\u00eene TF1 S\u00e9ries-Films sera disponible pour les annonceurs \u00e0 partir du 4 ao\u00fbt 2026. Les r\u00e9servations seront d\u00e9j\u00e0 ouvertes d\u00e8s le 8 juin 2026 pour la p\u00e9riode du 4 ao\u00fbt au 31 d\u00e9cembre 2026.<\/p>\n<\/div><div class=\"fusion-text fusion-text-2\"><h2>Vous avez des questions sur TF1 S\u00e9ries-Films ? Contactez-nous.<\/h2>\n<\/div><div class=\"team-filter\" data-lazy-load=\"yes\" data-randomize-elements=\"yes\" data-cards-per-row=\"2\" id=\"team-filter-6a9cbadf6f7d1\">\n    <input type=\"hidden\" name=\"hide_filters\" value=\"company,city,media_genre,search_input,company,city,media_genre,search_input\" \/>\n    <input type=\"hidden\" name=\"preselected_ids\" value=\"36734\" \/>\n    <input type=\"hidden\" name=\"preselected_categories\" value=\"\" \/>\n    <input type=\"hidden\" name=\"show_load_more\" value=\"yes\" \/>\n    <div class=\"filters\">\n                    <input type=\"hidden\" name=\"company\" value=\"\" \/>\n        \n                    <input type=\"hidden\" name=\"city\" value=\"\" \/>\n        \n                    <input type=\"hidden\" name=\"media_genre\" value=\"\" \/>\n        \n                    <input type=\"hidden\" name=\"q\" class=\"filter-input\" value=\"\" \/>\n        \n            <\/div>\n    \n    <div class=\"team-filter-result\">\n        \n        <ul class=\"card-grid\">\n            \n                        <li class=\"team-card\">\n                <div class=\"card-flip\">\n\n                    <div class=\"image-wrap\">\n                        <img\n                            loading=\"lazy\"\n                            decoding=\"async\"\n                            width=\"400\" \n                            height=\"300\"\n                            title=\"Angelica Di Biase\"\n                            alt=\"Angelica Di Biase\"\n                            src=\"https:\/\/goldbach.com\/app\/uploads\/2026\/04\/Angelica-Di-Biase-150x150.jpg\"\n                            data-orig-src=\"https:\/\/goldbach.com\/app\/uploads\/2026\/04\/Angelica-Di-Biase-150x150.jpg\"\n                            class=\"img-responsive img-with-aspect-ratio lazyautosizes lazyloaded\"\n                            data-parent-fit=\"cover\"\n                            srcset=\"https:\/\/goldbach.com\/app\/uploads\/2026\/04\/Angelica-Di-Biase-200x133.jpg 200w, https:\/\/goldbach.com\/app\/uploads\/2026\/04\/Angelica-Di-Biase-300x200.jpg 300w, https:\/\/goldbach.com\/app\/uploads\/2026\/04\/Angelica-Di-Biase-400x267.jpg 400w, https:\/\/goldbach.com\/app\/uploads\/2026\/04\/Angelica-Di-Biase-600x400.jpg 600w, https:\/\/goldbach.com\/app\/uploads\/2026\/04\/Angelica-Di-Biase-768x512.jpg 768w, https:\/\/goldbach.com\/app\/uploads\/2026\/04\/Angelica-Di-Biase-800x534.jpg 800w, https:\/\/goldbach.com\/app\/uploads\/2026\/04\/Angelica-Di-Biase.jpg 1000w\"\n                            data-sizes=\"auto\"\n                            data-orig-sizes=\"(max-width: 640px) 100vw, 400px\"\n                            sizes=\"auto, 340px\"\n                        \/>\n                    <\/div>\n\n                    <div class=\"text-stack\">\n                        <!-- FRONT: default visible state -->\n                        <div class=\"card-face card-front\">\n                            \n                            <h5>Angelica Di Biase<\/h5>\n                            <p>Head of Branch Office Lausanne<\/p>\n\n                                                            <p>Goldbach Media AG Lausanne<\/p>\n                                                        \n                        <\/div>\n\n                        <!-- BACK: revealed on hover\/focus -->\n                        <div class=\"card-face card-back\">\n                            \n                            <h5>Angelica Di Biase<\/h5>\n\n                            <div class=\"card-buttons\">\n                                <p><a href=\"#\" data-post-id=\"36734\" class=\"email-button reveal-btn mailadresse\" data-type=\"email\">\n                                    E-Mail anzeigen                                <\/a><\/p>\n                                                            <\/div>\n                        <\/div>\n                    <\/div>\n\n                <\/div>\n            <\/li>\n                    <\/ul>\n    <\/div>\n\n    <div class=\"team-filter-load-more-container\">\n\n        <button type=\"button\" class=\"fusion-button button-flat fusion-button-default-size button-default fusion-button-default button-5 fusion-button-default-span fusion-button-default-type load-more\">\n            <span class=\"fusion-button-text awb-button__text awb-button__text--default\">Charger plus<\/span>\n        <\/button>\n    <\/div>\n\n    <div class=\"loader-container\" style=\"display: none;\">\n        <div class=\"spinner\"><\/div>\n    <\/div>\n<\/div><\/div><\/div><\/div><\/div>\n","protected":false},"excerpt":{"rendered":"","protected":false},"author":22,"featured_media":49562,"comment_status":"open","ping_status":"open","sticky":false,"template":"","format":"standard","meta":{"_acf_changed":false,"footnotes":""},"categories":[87],"tags":[223],"kanal":[314],"werbeform":[320],"class_list":["post-49358","post","type-post","status-publish","format-standard","has-post-thumbnail","hentry","category-communique-de-presse","tag-tvnews","kanal-tv","werbeform-linear-tv"],"acf":[],"yoast_head":"<!-- This site is optimized with the Yoast SEO Premium plugin v28.3 (Yoast SEO v28.3) - https:\/\/yoast.com\/product\/yoast-seo-premium-wordpress\/ -->\n<title>TF1 S\u00e9ries-Films int\u00e8gre le portefeuille TV de Goldbach<\/title>\n<meta name=\"description\" content=\"Goldbach \u00e9largit son offre sur le march\u00e9 TV : \u00e0 partir du 4 ao\u00fbt 2026, Goldbach commercialisera la cha\u00eene TF1 S\u00e9ries-Films en Suisse.\" \/>\n<meta name=\"robots\" content=\"index, follow, max-snippet:-1, max-image-preview:large, max-video-preview:-1\" \/>\n<link rel=\"canonical\" href=\"https:\/\/goldbach.com\/fr\/communique-de-presse\/tf1-series-films-integre-le-portefeuille-tv-de-goldbach\/\" \/>\n<meta property=\"og:locale\" content=\"fr_FR\" \/>\n<meta property=\"og:type\" content=\"article\" \/>\n<meta property=\"og:title\" content=\"TF1 S\u00e9ries-Films int\u00e8gre le portefeuille TV de Goldbach\" \/>\n<meta property=\"og:description\" content=\"Goldbach \u00e9largit son offre sur le march\u00e9 TV : \u00e0 partir du 4 ao\u00fbt 2026, Goldbach commercialisera la cha\u00eene TF1 S\u00e9ries-Films en Suisse.\" \/>\n<meta property=\"og:url\" content=\"https:\/\/goldbach.com\/fr\/communique-de-presse\/tf1-series-films-integre-le-portefeuille-tv-de-goldbach\/\" \/>\n<meta property=\"og:site_name\" content=\"Goldbach\" \/>\n<meta property=\"article:published_time\" content=\"2026-05-20T06:08:56+00:00\" \/>\n<meta property=\"article:modified_time\" content=\"2026-05-20T06:14:54+00:00\" \/>\n<meta property=\"og:image\" content=\"https:\/\/goldbach.com\/app\/uploads\/2026\/05\/TF1-SF_MM.png\" \/>\n\t<meta property=\"og:image:width\" content=\"756\" \/>\n\t<meta property=\"og:image:height\" content=\"500\" \/>\n\t<meta property=\"og:image:type\" content=\"image\/png\" \/>\n<meta name=\"author\" content=\"Bolliger Lukas\" \/>\n<meta name=\"twitter:card\" content=\"summary_large_image\" \/>\n<meta name=\"twitter:label1\" content=\"\u00c9crit par\" \/>\n\t<meta name=\"twitter:data1\" content=\"Bolliger Lukas\" \/>\n\t<meta name=\"twitter:label2\" content=\"Dur\u00e9e de lecture estim\u00e9e\" \/>\n\t<meta name=\"twitter:data2\" content=\"3 minutes\" \/>\n<script type=\"application\/ld+json\" class=\"yoast-schema-graph\">{\"@context\":\"https:\\\/\\\/schema.org\",\"@graph\":[{\"@type\":\"Article\",\"@id\":\"https:\\\/\\\/goldbach.com\\\/fr\\\/communique-de-presse\\\/tf1-series-films-integre-le-portefeuille-tv-de-goldbach\\\/#article\",\"isPartOf\":{\"@id\":\"https:\\\/\\\/goldbach.com\\\/fr\\\/communique-de-presse\\\/tf1-series-films-integre-le-portefeuille-tv-de-goldbach\\\/\"},\"author\":{\"name\":\"Bolliger Lukas\",\"@id\":\"https:\\\/\\\/goldbach.com\\\/fr\\\/#\\\/schema\\\/person\\\/281f21715a0fb50f7f62d87deba7a6a6\"},\"headline\":\"TF1 S\u00e9ries-Films int\u00e8gre le portefeuille TV de Goldbach\",\"datePublished\":\"2026-05-20T06:08:56+00:00\",\"dateModified\":\"2026-05-20T06:14:54+00:00\",\"mainEntityOfPage\":{\"@id\":\"https:\\\/\\\/goldbach.com\\\/fr\\\/communique-de-presse\\\/tf1-series-films-integre-le-portefeuille-tv-de-goldbach\\\/\"},\"wordCount\":753,\"commentCount\":0,\"publisher\":{\"@id\":\"https:\\\/\\\/goldbach.com\\\/fr\\\/#organization\"},\"image\":{\"@id\":\"https:\\\/\\\/goldbach.com\\\/fr\\\/communique-de-presse\\\/tf1-series-films-integre-le-portefeuille-tv-de-goldbach\\\/#primaryimage\"},\"thumbnailUrl\":\"https:\\\/\\\/goldbach.com\\\/app\\\/uploads\\\/2026\\\/05\\\/TF1-SF_MM.png\",\"keywords\":[\"TVNews\"],\"articleSection\":[\"Communiqu\u00e9 de presse\"],\"inLanguage\":\"fr-FR\",\"potentialAction\":[{\"@type\":\"CommentAction\",\"name\":\"Comment\",\"target\":[\"https:\\\/\\\/goldbach.com\\\/fr\\\/communique-de-presse\\\/tf1-series-films-integre-le-portefeuille-tv-de-goldbach\\\/#respond\"]}]},{\"@type\":\"WebPage\",\"@id\":\"https:\\\/\\\/goldbach.com\\\/fr\\\/communique-de-presse\\\/tf1-series-films-integre-le-portefeuille-tv-de-goldbach\\\/\",\"url\":\"https:\\\/\\\/goldbach.com\\\/fr\\\/communique-de-presse\\\/tf1-series-films-integre-le-portefeuille-tv-de-goldbach\\\/\",\"name\":\"TF1 S\u00e9ries-Films int\u00e8gre le portefeuille TV de Goldbach\",\"isPartOf\":{\"@id\":\"https:\\\/\\\/goldbach.com\\\/fr\\\/#website\"},\"primaryImageOfPage\":{\"@id\":\"https:\\\/\\\/goldbach.com\\\/fr\\\/communique-de-presse\\\/tf1-series-films-integre-le-portefeuille-tv-de-goldbach\\\/#primaryimage\"},\"image\":{\"@id\":\"https:\\\/\\\/goldbach.com\\\/fr\\\/communique-de-presse\\\/tf1-series-films-integre-le-portefeuille-tv-de-goldbach\\\/#primaryimage\"},\"thumbnailUrl\":\"https:\\\/\\\/goldbach.com\\\/app\\\/uploads\\\/2026\\\/05\\\/TF1-SF_MM.png\",\"datePublished\":\"2026-05-20T06:08:56+00:00\",\"dateModified\":\"2026-05-20T06:14:54+00:00\",\"description\":\"Goldbach \u00e9largit son offre sur le march\u00e9 TV : \u00e0 partir du 4 ao\u00fbt 2026, Goldbach commercialisera la cha\u00eene TF1 S\u00e9ries-Films en Suisse.\",\"breadcrumb\":{\"@id\":\"https:\\\/\\\/goldbach.com\\\/fr\\\/communique-de-presse\\\/tf1-series-films-integre-le-portefeuille-tv-de-goldbach\\\/#breadcrumb\"},\"inLanguage\":\"fr-FR\",\"potentialAction\":[{\"@type\":\"ReadAction\",\"target\":[\"https:\\\/\\\/goldbach.com\\\/fr\\\/communique-de-presse\\\/tf1-series-films-integre-le-portefeuille-tv-de-goldbach\\\/\"]}]},{\"@type\":\"ImageObject\",\"inLanguage\":\"fr-FR\",\"@id\":\"https:\\\/\\\/goldbach.com\\\/fr\\\/communique-de-presse\\\/tf1-series-films-integre-le-portefeuille-tv-de-goldbach\\\/#primaryimage\",\"url\":\"https:\\\/\\\/goldbach.com\\\/app\\\/uploads\\\/2026\\\/05\\\/TF1-SF_MM.png\",\"contentUrl\":\"https:\\\/\\\/goldbach.com\\\/app\\\/uploads\\\/2026\\\/05\\\/TF1-SF_MM.png\",\"width\":756,\"height\":500},{\"@type\":\"BreadcrumbList\",\"@id\":\"https:\\\/\\\/goldbach.com\\\/fr\\\/communique-de-presse\\\/tf1-series-films-integre-le-portefeuille-tv-de-goldbach\\\/#breadcrumb\",\"itemListElement\":[{\"@type\":\"ListItem\",\"position\":1,\"name\":\"Home\",\"item\":\"https:\\\/\\\/goldbach.com\\\/fr\\\/\"},{\"@type\":\"ListItem\",\"position\":2,\"name\":\"TF1 S\u00e9ries-Films int\u00e8gre le portefeuille TV de Goldbach\"}]},{\"@type\":\"WebSite\",\"@id\":\"https:\\\/\\\/goldbach.com\\\/fr\\\/#website\",\"url\":\"https:\\\/\\\/goldbach.com\\\/fr\\\/\",\"name\":\"Goldbach\",\"description\":\"\",\"publisher\":{\"@id\":\"https:\\\/\\\/goldbach.com\\\/fr\\\/#organization\"},\"potentialAction\":[{\"@type\":\"SearchAction\",\"target\":{\"@type\":\"EntryPoint\",\"urlTemplate\":\"https:\\\/\\\/goldbach.com\\\/fr\\\/?s={search_term_string}\"},\"query-input\":{\"@type\":\"PropertyValueSpecification\",\"valueRequired\":true,\"valueName\":\"search_term_string\"}}],\"inLanguage\":\"fr-FR\"},{\"@type\":\"Organization\",\"@id\":\"https:\\\/\\\/goldbach.com\\\/fr\\\/#organization\",\"name\":\"Goldbach\",\"url\":\"https:\\\/\\\/goldbach.com\\\/fr\\\/\",\"logo\":{\"@type\":\"ImageObject\",\"inLanguage\":\"fr-FR\",\"@id\":\"https:\\\/\\\/goldbach.com\\\/fr\\\/#\\\/schema\\\/logo\\\/image\\\/\",\"url\":\"https:\\\/\\\/goldbach.com\\\/app\\\/uploads\\\/2025\\\/10\\\/goldbach-media-relations-goldbach-logo.webp\",\"contentUrl\":\"https:\\\/\\\/goldbach.com\\\/app\\\/uploads\\\/2025\\\/10\\\/goldbach-media-relations-goldbach-logo.webp\",\"width\":640,\"height\":360,\"caption\":\"Goldbach\"},\"image\":{\"@id\":\"https:\\\/\\\/goldbach.com\\\/fr\\\/#\\\/schema\\\/logo\\\/image\\\/\"},\"sameAs\":[\"https:\\\/\\\/www.linkedin.com\\\/company\\\/goldbach-group-ag\\\/\",\"https:\\\/\\\/www.instagram.com\\\/goldbach_ch\\\/\",\"https:\\\/\\\/www.youtube.com\\\/user\\\/GoldbachGroup\"]},{\"@type\":\"Person\",\"@id\":\"https:\\\/\\\/goldbach.com\\\/fr\\\/#\\\/schema\\\/person\\\/281f21715a0fb50f7f62d87deba7a6a6\",\"name\":\"Bolliger Lukas\",\"image\":{\"@type\":\"ImageObject\",\"inLanguage\":\"fr-FR\",\"@id\":\"https:\\\/\\\/secure.gravatar.com\\\/avatar\\\/d75015c71afe214482965d058c442fef9c2188bc1a64822d853cb98df195011b?s=96&d=mm&r=g\",\"url\":\"https:\\\/\\\/secure.gravatar.com\\\/avatar\\\/d75015c71afe214482965d058c442fef9c2188bc1a64822d853cb98df195011b?s=96&d=mm&r=g\",\"contentUrl\":\"https:\\\/\\\/secure.gravatar.com\\\/avatar\\\/d75015c71afe214482965d058c442fef9c2188bc1a64822d853cb98df195011b?s=96&d=mm&r=g\",\"caption\":\"Bolliger Lukas\"},\"description\":\"Texter f\u00fcr externe Kommunikation mit Fokus auf Content Marketing.\",\"url\":\"https:\\\/\\\/goldbach.com\\\/fr\\\/author\\\/lukas-bolligergoldbach-com\\\/\"}]}<\/script>\n<!-- \/ Yoast SEO Premium plugin. -->","yoast_head_json":{"title":"TF1 S\u00e9ries-Films int\u00e8gre le portefeuille TV de Goldbach","description":"Goldbach \u00e9largit son offre sur le march\u00e9 TV : \u00e0 partir du 4 ao\u00fbt 2026, Goldbach commercialisera la cha\u00eene TF1 S\u00e9ries-Films en Suisse.","robots":{"index":"index","follow":"follow","max-snippet":"max-snippet:-1","max-image-preview":"max-image-preview:large","max-video-preview":"max-video-preview:-1"},"canonical":"https:\/\/goldbach.com\/fr\/communique-de-presse\/tf1-series-films-integre-le-portefeuille-tv-de-goldbach\/","og_locale":"fr_FR","og_type":"article","og_title":"TF1 S\u00e9ries-Films int\u00e8gre le portefeuille TV de Goldbach","og_description":"Goldbach \u00e9largit son offre sur le march\u00e9 TV : \u00e0 partir du 4 ao\u00fbt 2026, Goldbach commercialisera la cha\u00eene TF1 S\u00e9ries-Films en Suisse.","og_url":"https:\/\/goldbach.com\/fr\/communique-de-presse\/tf1-series-films-integre-le-portefeuille-tv-de-goldbach\/","og_site_name":"Goldbach","article_published_time":"2026-05-20T06:08:56+00:00","article_modified_time":"2026-05-20T06:14:54+00:00","og_image":[{"width":756,"height":500,"url":"https:\/\/goldbach.com\/app\/uploads\/2026\/05\/TF1-SF_MM.png","type":"image\/png"}],"author":"Bolliger Lukas","twitter_card":"summary_large_image","twitter_misc":{"\u00c9crit par":"Bolliger Lukas","Dur\u00e9e de lecture estim\u00e9e":"3 minutes"},"schema":{"@context":"https:\/\/schema.org","@graph":[{"@type":"Article","@id":"https:\/\/goldbach.com\/fr\/communique-de-presse\/tf1-series-films-integre-le-portefeuille-tv-de-goldbach\/#article","isPartOf":{"@id":"https:\/\/goldbach.com\/fr\/communique-de-presse\/tf1-series-films-integre-le-portefeuille-tv-de-goldbach\/"},"author":{"name":"Bolliger Lukas","@id":"https:\/\/goldbach.com\/fr\/#\/schema\/person\/281f21715a0fb50f7f62d87deba7a6a6"},"headline":"TF1 S\u00e9ries-Films int\u00e8gre le portefeuille TV de Goldbach","datePublished":"2026-05-20T06:08:56+00:00","dateModified":"2026-05-20T06:14:54+00:00","mainEntityOfPage":{"@id":"https:\/\/goldbach.com\/fr\/communique-de-presse\/tf1-series-films-integre-le-portefeuille-tv-de-goldbach\/"},"wordCount":753,"commentCount":0,"publisher":{"@id":"https:\/\/goldbach.com\/fr\/#organization"},"image":{"@id":"https:\/\/goldbach.com\/fr\/communique-de-presse\/tf1-series-films-integre-le-portefeuille-tv-de-goldbach\/#primaryimage"},"thumbnailUrl":"https:\/\/goldbach.com\/app\/uploads\/2026\/05\/TF1-SF_MM.png","keywords":["TVNews"],"articleSection":["Communiqu\u00e9 de presse"],"inLanguage":"fr-FR","potentialAction":[{"@type":"CommentAction","name":"Comment","target":["https:\/\/goldbach.com\/fr\/communique-de-presse\/tf1-series-films-integre-le-portefeuille-tv-de-goldbach\/#respond"]}]},{"@type":"WebPage","@id":"https:\/\/goldbach.com\/fr\/communique-de-presse\/tf1-series-films-integre-le-portefeuille-tv-de-goldbach\/","url":"https:\/\/goldbach.com\/fr\/communique-de-presse\/tf1-series-films-integre-le-portefeuille-tv-de-goldbach\/","name":"TF1 S\u00e9ries-Films int\u00e8gre le portefeuille TV de Goldbach","isPartOf":{"@id":"https:\/\/goldbach.com\/fr\/#website"},"primaryImageOfPage":{"@id":"https:\/\/goldbach.com\/fr\/communique-de-presse\/tf1-series-films-integre-le-portefeuille-tv-de-goldbach\/#primaryimage"},"image":{"@id":"https:\/\/goldbach.com\/fr\/communique-de-presse\/tf1-series-films-integre-le-portefeuille-tv-de-goldbach\/#primaryimage"},"thumbnailUrl":"https:\/\/goldbach.com\/app\/uploads\/2026\/05\/TF1-SF_MM.png","datePublished":"2026-05-20T06:08:56+00:00","dateModified":"2026-05-20T06:14:54+00:00","description":"Goldbach \u00e9largit son offre sur le march\u00e9 TV : \u00e0 partir du 4 ao\u00fbt 2026, Goldbach commercialisera la cha\u00eene TF1 S\u00e9ries-Films en Suisse.","breadcrumb":{"@id":"https:\/\/goldbach.com\/fr\/communique-de-presse\/tf1-series-films-integre-le-portefeuille-tv-de-goldbach\/#breadcrumb"},"inLanguage":"fr-FR","potentialAction":[{"@type":"ReadAction","target":["https:\/\/goldbach.com\/fr\/communique-de-presse\/tf1-series-films-integre-le-portefeuille-tv-de-goldbach\/"]}]},{"@type":"ImageObject","inLanguage":"fr-FR","@id":"https:\/\/goldbach.com\/fr\/communique-de-presse\/tf1-series-films-integre-le-portefeuille-tv-de-goldbach\/#primaryimage","url":"https:\/\/goldbach.com\/app\/uploads\/2026\/05\/TF1-SF_MM.png","contentUrl":"https:\/\/goldbach.com\/app\/uploads\/2026\/05\/TF1-SF_MM.png","width":756,"height":500},{"@type":"BreadcrumbList","@id":"https:\/\/goldbach.com\/fr\/communique-de-presse\/tf1-series-films-integre-le-portefeuille-tv-de-goldbach\/#breadcrumb","itemListElement":[{"@type":"ListItem","position":1,"name":"Home","item":"https:\/\/goldbach.com\/fr\/"},{"@type":"ListItem","position":2,"name":"TF1 S\u00e9ries-Films int\u00e8gre le portefeuille TV de Goldbach"}]},{"@type":"WebSite","@id":"https:\/\/goldbach.com\/fr\/#website","url":"https:\/\/goldbach.com\/fr\/","name":"Goldbach","description":"","publisher":{"@id":"https:\/\/goldbach.com\/fr\/#organization"},"potentialAction":[{"@type":"SearchAction","target":{"@type":"EntryPoint","urlTemplate":"https:\/\/goldbach.com\/fr\/?s={search_term_string}"},"query-input":{"@type":"PropertyValueSpecification","valueRequired":true,"valueName":"search_term_string"}}],"inLanguage":"fr-FR"},{"@type":"Organization","@id":"https:\/\/goldbach.com\/fr\/#organization","name":"Goldbach","url":"https:\/\/goldbach.com\/fr\/","logo":{"@type":"ImageObject","inLanguage":"fr-FR","@id":"https:\/\/goldbach.com\/fr\/#\/schema\/logo\/image\/","url":"https:\/\/goldbach.com\/app\/uploads\/2025\/10\/goldbach-media-relations-goldbach-logo.webp","contentUrl":"https:\/\/goldbach.com\/app\/uploads\/2025\/10\/goldbach-media-relations-goldbach-logo.webp","width":640,"height":360,"caption":"Goldbach"},"image":{"@id":"https:\/\/goldbach.com\/fr\/#\/schema\/logo\/image\/"},"sameAs":["https:\/\/www.linkedin.com\/company\/goldbach-group-ag\/","https:\/\/www.instagram.com\/goldbach_ch\/","https:\/\/www.youtube.com\/user\/GoldbachGroup"]},{"@type":"Person","@id":"https:\/\/goldbach.com\/fr\/#\/schema\/person\/281f21715a0fb50f7f62d87deba7a6a6","name":"Bolliger Lukas","image":{"@type":"ImageObject","inLanguage":"fr-FR","@id":"https:\/\/secure.gravatar.com\/avatar\/d75015c71afe214482965d058c442fef9c2188bc1a64822d853cb98df195011b?s=96&d=mm&r=g","url":"https:\/\/secure.gravatar.com\/avatar\/d75015c71afe214482965d058c442fef9c2188bc1a64822d853cb98df195011b?s=96&d=mm&r=g","contentUrl":"https:\/\/secure.gravatar.com\/avatar\/d75015c71afe214482965d058c442fef9c2188bc1a64822d853cb98df195011b?s=96&d=mm&r=g","caption":"Bolliger Lukas"},"description":"Texter f\u00fcr externe Kommunikation mit Fokus auf Content Marketing.","url":"https:\/\/goldbach.com\/fr\/author\/lukas-bolligergoldbach-com\/"}]}},"_links":{"self":[{"href":"https:\/\/goldbach.com\/fr\/wp-json\/wp\/v2\/posts\/49358","targetHints":{"allow":["GET"]}}],"collection":[{"href":"https:\/\/goldbach.com\/fr\/wp-json\/wp\/v2\/posts"}],"about":[{"href":"https:\/\/goldbach.com\/fr\/wp-json\/wp\/v2\/types\/post"}],"author":[{"embeddable":true,"href":"https:\/\/goldbach.com\/fr\/wp-json\/wp\/v2\/users\/22"}],"replies":[{"embeddable":true,"href":"https:\/\/goldbach.com\/fr\/wp-json\/wp\/v2\/comments?post=49358"}],"version-history":[{"count":22,"href":"https:\/\/goldbach.com\/fr\/wp-json\/wp\/v2\/posts\/49358\/revisions"}],"predecessor-version":[{"id":49434,"href":"https:\/\/goldbach.com\/fr\/wp-json\/wp\/v2\/posts\/49358\/revisions\/49434"}],"wp:featuredmedia":[{"embeddable":true,"href":"https:\/\/goldbach.com\/fr\/wp-json\/wp\/v2\/media\/49562"}],"wp:attachment":[{"href":"https:\/\/goldbach.com\/fr\/wp-json\/wp\/v2\/media?parent=49358"}],"wp:term":[{"taxonomy":"category","embeddable":true,"href":"https:\/\/goldbach.com\/fr\/wp-json\/wp\/v2\/categories?post=49358"},{"taxonomy":"post_tag","embeddable":true,"href":"https:\/\/goldbach.com\/fr\/wp-json\/wp\/v2\/tags?post=49358"},{"taxonomy":"kanal","embeddable":true,"href":"https:\/\/goldbach.com\/fr\/wp-json\/wp\/v2\/kanal?post=49358"},{"taxonomy":"werbeform","embeddable":true,"href":"https:\/\/goldbach.com\/fr\/wp-json\/wp\/v2\/werbeform?post=49358"}],"curies":[{"name":"wp","href":"https:\/\/api.w.org\/{rel}","templated":true}]}}